{"id":1540,"date":"2021-03-03T11:50:53","date_gmt":"2021-03-03T11:50:53","guid":{"rendered":"https:\/\/envinor.com\/?p=1540"},"modified":"2021-03-03T15:22:58","modified_gmt":"2021-03-03T15:22:58","slug":"divisorias-beneficios-do-vidro-na-separacao-de-ambientes","status":"publish","type":"post","link":"https:\/\/envinor.com\/?p=1540","title":{"rendered":"Divis\u00f3rias: os benef\u00edcios do vidro na separa\u00e7\u00e3o de ambientes"},"content":{"rendered":"<p>As divis\u00f3rias em vidro s\u00e3o uma das solu\u00e7\u00f5es mais em voga para a separa\u00e7\u00e3o de ambientes, utilizada principalmente em casas, apartamentos pequenos e escrit\u00f3rios.<\/p>\n<div id=\"attachment_1549\" style=\"width: 179px\" class=\"wp-caption aligncenter\"><img loading=\"lazy\" decoding=\"async\" aria-describedby=\"caption-attachment-1549\" class=\"size-medium wp-image-1549\" src=\"https:\/\/envinor.com\/wp-content\/uploads\/2021\/03\/antecamara-vidro-temperado-incolor-mcdonalds-coimbra-2-D-169x300.jpg\" alt=\"antecamara-vidro-temperado-incolor-mcdonalds\" width=\"169\" height=\"300\" srcset=\"https:\/\/envinor.com\/wp-content\/uploads\/2021\/03\/antecamara-vidro-temperado-incolor-mcdonalds-coimbra-2-D-169x300.jpg 169w, https:\/\/envinor.com\/wp-content\/uploads\/2021\/03\/antecamara-vidro-temperado-incolor-mcdonalds-coimbra-2-D-203x360.jpg 203w, https:\/\/envinor.com\/wp-content\/uploads\/2021\/03\/antecamara-vidro-temperado-incolor-mcdonalds-coimbra-2-D.jpg 338w\" sizes=\"auto, (max-width: 169px) 100vw, 169px\" \/><p id=\"caption-attachment-1549\" class=\"wp-caption-text\">Antec\u00e2mara em vidro temperado incolor 10 mm (McDonald&#8217;s Coimbra)<\/p><\/div>\n<h3>O que s\u00e3o divis\u00f3rias em vidro?<\/h3>\n<p>Em vez da tradicional parede, a divis\u00f3ria em vidro garante a privacidade necess\u00e1ria entre ambientes mantendo um visual atrativo, melhorando a ilumina\u00e7\u00e3o e circula\u00e7\u00e3o de ar no espa\u00e7o e efetivamente aumentando a \u00e1rea \u00fatil do mesmo.<\/p>\n<h3>Quais as vantagens?<\/h3>\n<p>A utiliza\u00e7\u00e3o do vidro para delimitar ambientes \u00e9 uma op\u00e7\u00e3o muito pr\u00e1tica e econ\u00f3mica, uma vez que n\u00e3o requer mexer na estrutura do edif\u00edcio. \u00c9 um sistema de f\u00e1cil aplica\u00e7\u00e3o quando comparado \u00e0s alternativas (cimento, madeira, drywall). Para al\u00e9m disso, o vidro integra-se facilmente na decora\u00e7\u00e3o do espa\u00e7o e d\u00e1-lhe um aspeto mais moderno e atrativo.<\/p>\n<div id=\"attachment_1554\" style=\"width: 179px\" class=\"wp-caption aligncenter\"><img loading=\"lazy\" decoding=\"async\" aria-describedby=\"caption-attachment-1554\" class=\"size-medium wp-image-1554\" src=\"https:\/\/envinor.com\/wp-content\/uploads\/2021\/03\/guarda-vidro-laminado-calha-fixacao-169x300.png\" alt=\"guarda em vidro laminado com calha de fixa\u00e7\u00e3o\" width=\"169\" height=\"300\" srcset=\"https:\/\/envinor.com\/wp-content\/uploads\/2021\/03\/guarda-vidro-laminado-calha-fixacao-169x300.png 169w, https:\/\/envinor.com\/wp-content\/uploads\/2021\/03\/guarda-vidro-laminado-calha-fixacao-203x360.png 203w, https:\/\/envinor.com\/wp-content\/uploads\/2021\/03\/guarda-vidro-laminado-calha-fixacao.png 338w\" sizes=\"auto, (max-width: 169px) 100vw, 169px\" \/><p id=\"caption-attachment-1554\" class=\"wp-caption-text\">Guarda em vidro laminado com calha de fixa\u00e7\u00e3o<\/p><\/div>\n<h3><span style=\"font-size: 18.72px;\">M\u00e1xima seguran\u00e7a<\/span><\/h3>\n<p>O uso do vidro nas divis\u00f3rias n\u00e3o \u00e9 sin\u00f3nimo de fragilidade, uma vez que s\u00e3o sempre utilizados vidros de seguran\u00e7a como o vidro temperado ou laminado. As caracter\u00edsticas destes vidros oferecem toda a prote\u00e7\u00e3o contra quebras, nunca colocando em causa o bem-estar das pessoas.<\/p>\n<p>Para saber mais sobre <strong>vidros de seguran\u00e7a<\/strong>, clique <a href=\"https:\/\/envinor.com\/vidro-temperado-laminado-qual-escolher\/\">AQUI<\/a>.<\/p>\n<h3><span style=\"font-size: 16px;\">Divis\u00f3rias em vidro no escrit\u00f3rio<\/span><\/h3>\n<p>Numa \u00f3tica empresarial, a divis\u00f3ria em vidro \u00e9 uma solu\u00e7\u00e3o cada vez mais utilizada. O vidro permite uma intera\u00e7\u00e3o e coopera\u00e7\u00e3o muito maior entre os colaboradores, transmite confian\u00e7a e transpar\u00eancia dentro da organiza\u00e7\u00e3o e d\u00e1 ao escrit\u00f3rio um aspeto mais leve. Todos estes fatores aumentam o conforto que os colaboradores sentem dentro do escrit\u00f3rio, o que por sua vez aumenta tamb\u00e9m a produtividade.<\/p>\n<div id=\"attachment_1555\" style=\"width: 310px\" class=\"wp-caption aligncenter\"><img loading=\"lazy\" decoding=\"async\" aria-describedby=\"caption-attachment-1555\" class=\"size-medium wp-image-1555\" src=\"https:\/\/envinor.com\/wp-content\/uploads\/2021\/03\/divisoria-vidro-temperado-incolor-escritorio-300x251.png\" alt=\"\" width=\"300\" height=\"251\" srcset=\"https:\/\/envinor.com\/wp-content\/uploads\/2021\/03\/divisoria-vidro-temperado-incolor-escritorio-300x251.png 300w, https:\/\/envinor.com\/wp-content\/uploads\/2021\/03\/divisoria-vidro-temperado-incolor-escritorio-370x310.png 370w, https:\/\/envinor.com\/wp-content\/uploads\/2021\/03\/divisoria-vidro-temperado-incolor-escritorio-360x301.png 360w, https:\/\/envinor.com\/wp-content\/uploads\/2021\/03\/divisoria-vidro-temperado-incolor-escritorio.png 600w\" sizes=\"auto, (max-width: 300px) 100vw, 300px\" \/><p id=\"caption-attachment-1555\" class=\"wp-caption-text\">Divis\u00f3ria de escrit\u00f3rio em vidro temperado incolor<\/p><\/div>\n<p style=\"text-align: center;\"><strong>Precisa de or\u00e7amento para uma divis\u00f3ria em vidro?\u00a0 <a href=\"https:\/\/envinor.com\/teste\/contacte-nos\/\">CLIQUE AQUI<\/a> e fale connosco!<\/strong><\/p>\n","protected":false},"excerpt":{"rendered":"<p>As divis\u00f3rias em vidro s\u00e3o uma das solu\u00e7\u00f5es mais em voga para a separa\u00e7\u00e3o de ambientes, utilizada principalmente em casas, apartamentos pequenos e escrit\u00f3rios. <\/p>\n","protected":false},"author":3,"featured_media":1542,"comment_status":"open","ping_status":"open","sticky":false,"template":"","format":"standard","meta":{"footnotes":""},"categories":[40],"tags":[],"class_list":["post-1540","post","type-post","status-publish","format-standard","has-post-thumbnail","hentry","category-noticias"],"yoast_head":"<!-- This site is optimized with the Yoast SEO plugin v25.3.1 - https:\/\/yoast.com\/wordpress\/plugins\/seo\/ -->\n<title>Divis\u00f3rias: os benef\u00edcios do vidro na separa\u00e7\u00e3o de ambientes - Envinor<\/title>\n<meta name=\"description\" content=\"As divis\u00f3rias em vidro s\u00e3o uma das solu\u00e7\u00f5es mais em voga para a separa\u00e7\u00e3o de ambientes, utilizada principalmente em casas e escrit\u00f3rios. Saiba mais aqui!\" \/>\n<meta name=\"robots\" content=\"index, follow, max-snippet:-1, max-image-preview:large, max-video-preview:-1\" \/>\n<link rel=\"canonical\" href=\"https:\/\/envinor.com\/?p=1540\" \/>\n<meta property=\"og:locale\" content=\"pt_PT\" \/>\n<meta property=\"og:type\" content=\"article\" \/>\n<meta property=\"og:title\" content=\"Divis\u00f3rias: os benef\u00edcios do vidro na separa\u00e7\u00e3o de ambientes - Envinor\" \/>\n<meta property=\"og:description\" content=\"As divis\u00f3rias em vidro s\u00e3o uma das solu\u00e7\u00f5es mais em voga para a separa\u00e7\u00e3o de ambientes, utilizada principalmente em casas e escrit\u00f3rios. Saiba mais aqui!\" \/>\n<meta property=\"og:url\" content=\"https:\/\/envinor.com\/?p=1540\" \/>\n<meta property=\"og:site_name\" content=\"Envinor\" \/>\n<meta property=\"article:published_time\" content=\"2021-03-03T11:50:53+00:00\" \/>\n<meta property=\"article:modified_time\" content=\"2021-03-03T15:22:58+00:00\" \/>\n<meta property=\"og:image\" content=\"https:\/\/envinor.com\/wp-content\/uploads\/2021\/03\/sistema-harmonio-ou-porflex-em-vidro-10mm-incolor-temperado-3-1024x741.png\" \/>\n\t<meta property=\"og:image:width\" content=\"1024\" \/>\n\t<meta property=\"og:image:height\" content=\"741\" \/>\n\t<meta property=\"og:image:type\" content=\"image\/png\" \/>\n<meta name=\"author\" content=\"Jos\u00e9 Moreira ENVINOR\" \/>\n<meta name=\"twitter:card\" content=\"summary_large_image\" \/>\n<meta name=\"twitter:label1\" content=\"Escrito por\" \/>\n\t<meta name=\"twitter:data1\" content=\"Jos\u00e9 Moreira ENVINOR\" \/>\n\t<meta name=\"twitter:label2\" content=\"Tempo estimado de leitura\" \/>\n\t<meta name=\"twitter:data2\" content=\"2 minutos\" \/>\n<script type=\"application\/ld+json\" class=\"yoast-schema-graph\">{\"@context\":\"https:\/\/schema.org\",\"@graph\":[{\"@type\":\"WebPage\",\"@id\":\"https:\/\/envinor.com\/?p=1540\",\"url\":\"https:\/\/envinor.com\/?p=1540\",\"name\":\"Divis\u00f3rias: os benef\u00edcios do vidro na separa\u00e7\u00e3o de ambientes - Envinor\",\"isPartOf\":{\"@id\":\"https:\/\/envinor.com\/#website\"},\"primaryImageOfPage\":{\"@id\":\"https:\/\/envinor.com\/?p=1540#primaryimage\"},\"image\":{\"@id\":\"https:\/\/envinor.com\/?p=1540#primaryimage\"},\"thumbnailUrl\":\"https:\/\/envinor.com\/wp-content\/uploads\/2021\/03\/sistema-harmonio-ou-porflex-em-vidro-10mm-incolor-temperado-3.png\",\"datePublished\":\"2021-03-03T11:50:53+00:00\",\"dateModified\":\"2021-03-03T15:22:58+00:00\",\"author\":{\"@id\":\"https:\/\/envinor.com\/#\/schema\/person\/5860fe695fe75b1a686a73876f12c4a7\"},\"description\":\"As divis\u00f3rias em vidro s\u00e3o uma das solu\u00e7\u00f5es mais em voga para a separa\u00e7\u00e3o de ambientes, utilizada principalmente em casas e escrit\u00f3rios. Saiba mais aqui!\",\"breadcrumb\":{\"@id\":\"https:\/\/envinor.com\/?p=1540#breadcrumb\"},\"inLanguage\":\"pt-PT\",\"potentialAction\":[{\"@type\":\"ReadAction\",\"target\":[\"https:\/\/envinor.com\/?p=1540\"]}]},{\"@type\":\"ImageObject\",\"inLanguage\":\"pt-PT\",\"@id\":\"https:\/\/envinor.com\/?p=1540#primaryimage\",\"url\":\"https:\/\/envinor.com\/wp-content\/uploads\/2021\/03\/sistema-harmonio-ou-porflex-em-vidro-10mm-incolor-temperado-3.png\",\"contentUrl\":\"https:\/\/envinor.com\/wp-content\/uploads\/2021\/03\/sistema-harmonio-ou-porflex-em-vidro-10mm-incolor-temperado-3.png\",\"width\":4368,\"height\":3161,\"caption\":\"sistema harmonio ou porflex cortina de vidro 10mm incolor temperado\"},{\"@type\":\"BreadcrumbList\",\"@id\":\"https:\/\/envinor.com\/?p=1540#breadcrumb\",\"itemListElement\":[{\"@type\":\"ListItem\",\"position\":1,\"name\":\"In\u00edcio\",\"item\":\"https:\/\/envinor.com\/\"},{\"@type\":\"ListItem\",\"position\":2,\"name\":\"Divis\u00f3rias: os benef\u00edcios do vidro na separa\u00e7\u00e3o de ambientes\"}]},{\"@type\":\"WebSite\",\"@id\":\"https:\/\/envinor.com\/#website\",\"url\":\"https:\/\/envinor.com\/\",\"name\":\"Envinor\",\"description\":\"Empresa de Vidros do Norte\",\"potentialAction\":[{\"@type\":\"SearchAction\",\"target\":{\"@type\":\"EntryPoint\",\"urlTemplate\":\"https:\/\/envinor.com\/?s={search_term_string}\"},\"query-input\":{\"@type\":\"PropertyValueSpecification\",\"valueRequired\":true,\"valueName\":\"search_term_string\"}}],\"inLanguage\":\"pt-PT\"},{\"@type\":\"Person\",\"@id\":\"https:\/\/envinor.com\/#\/schema\/person\/5860fe695fe75b1a686a73876f12c4a7\",\"name\":\"Jos\u00e9 Moreira ENVINOR\",\"image\":{\"@type\":\"ImageObject\",\"inLanguage\":\"pt-PT\",\"@id\":\"https:\/\/envinor.com\/#\/schema\/person\/image\/\",\"url\":\"https:\/\/secure.gravatar.com\/avatar\/318306af0811ec1d55cfa6e8c88c04b9e5582c7adad79322e16d8b024e378999?s=96&d=mm&r=g\",\"contentUrl\":\"https:\/\/secure.gravatar.com\/avatar\/318306af0811ec1d55cfa6e8c88c04b9e5582c7adad79322e16d8b024e378999?s=96&d=mm&r=g\",\"caption\":\"Jos\u00e9 Moreira ENVINOR\"},\"url\":\"https:\/\/envinor.com\/?author=3\"}]}<\/script>\n<!-- \/ Yoast SEO plugin. -->","yoast_head_json":{"title":"Divis\u00f3rias: os benef\u00edcios do vidro na separa\u00e7\u00e3o de ambientes - Envinor","description":"As divis\u00f3rias em vidro s\u00e3o uma das solu\u00e7\u00f5es mais em voga para a separa\u00e7\u00e3o de ambientes, utilizada principalmente em casas e escrit\u00f3rios. Saiba mais aqui!","robots":{"index":"index","follow":"follow","max-snippet":"max-snippet:-1","max-image-preview":"max-image-preview:large","max-video-preview":"max-video-preview:-1"},"canonical":"https:\/\/envinor.com\/?p=1540","og_locale":"pt_PT","og_type":"article","og_title":"Divis\u00f3rias: os benef\u00edcios do vidro na separa\u00e7\u00e3o de ambientes - Envinor","og_description":"As divis\u00f3rias em vidro s\u00e3o uma das solu\u00e7\u00f5es mais em voga para a separa\u00e7\u00e3o de ambientes, utilizada principalmente em casas e escrit\u00f3rios. Saiba mais aqui!","og_url":"https:\/\/envinor.com\/?p=1540","og_site_name":"Envinor","article_published_time":"2021-03-03T11:50:53+00:00","article_modified_time":"2021-03-03T15:22:58+00:00","og_image":[{"width":1024,"height":741,"url":"https:\/\/envinor.com\/wp-content\/uploads\/2021\/03\/sistema-harmonio-ou-porflex-em-vidro-10mm-incolor-temperado-3-1024x741.png","type":"image\/png"}],"author":"Jos\u00e9 Moreira ENVINOR","twitter_card":"summary_large_image","twitter_misc":{"Escrito por":"Jos\u00e9 Moreira ENVINOR","Tempo estimado de leitura":"2 minutos"},"schema":{"@context":"https:\/\/schema.org","@graph":[{"@type":"WebPage","@id":"https:\/\/envinor.com\/?p=1540","url":"https:\/\/envinor.com\/?p=1540","name":"Divis\u00f3rias: os benef\u00edcios do vidro na separa\u00e7\u00e3o de ambientes - Envinor","isPartOf":{"@id":"https:\/\/envinor.com\/#website"},"primaryImageOfPage":{"@id":"https:\/\/envinor.com\/?p=1540#primaryimage"},"image":{"@id":"https:\/\/envinor.com\/?p=1540#primaryimage"},"thumbnailUrl":"https:\/\/envinor.com\/wp-content\/uploads\/2021\/03\/sistema-harmonio-ou-porflex-em-vidro-10mm-incolor-temperado-3.png","datePublished":"2021-03-03T11:50:53+00:00","dateModified":"2021-03-03T15:22:58+00:00","author":{"@id":"https:\/\/envinor.com\/#\/schema\/person\/5860fe695fe75b1a686a73876f12c4a7"},"description":"As divis\u00f3rias em vidro s\u00e3o uma das solu\u00e7\u00f5es mais em voga para a separa\u00e7\u00e3o de ambientes, utilizada principalmente em casas e escrit\u00f3rios. Saiba mais aqui!","breadcrumb":{"@id":"https:\/\/envinor.com\/?p=1540#breadcrumb"},"inLanguage":"pt-PT","potentialAction":[{"@type":"ReadAction","target":["https:\/\/envinor.com\/?p=1540"]}]},{"@type":"ImageObject","inLanguage":"pt-PT","@id":"https:\/\/envinor.com\/?p=1540#primaryimage","url":"https:\/\/envinor.com\/wp-content\/uploads\/2021\/03\/sistema-harmonio-ou-porflex-em-vidro-10mm-incolor-temperado-3.png","contentUrl":"https:\/\/envinor.com\/wp-content\/uploads\/2021\/03\/sistema-harmonio-ou-porflex-em-vidro-10mm-incolor-temperado-3.png","width":4368,"height":3161,"caption":"sistema harmonio ou porflex cortina de vidro 10mm incolor temperado"},{"@type":"BreadcrumbList","@id":"https:\/\/envinor.com\/?p=1540#breadcrumb","itemListElement":[{"@type":"ListItem","position":1,"name":"In\u00edcio","item":"https:\/\/envinor.com\/"},{"@type":"ListItem","position":2,"name":"Divis\u00f3rias: os benef\u00edcios do vidro na separa\u00e7\u00e3o de ambientes"}]},{"@type":"WebSite","@id":"https:\/\/envinor.com\/#website","url":"https:\/\/envinor.com\/","name":"Envinor","description":"Empresa de Vidros do Norte","potentialAction":[{"@type":"SearchAction","target":{"@type":"EntryPoint","urlTemplate":"https:\/\/envinor.com\/?s={search_term_string}"},"query-input":{"@type":"PropertyValueSpecification","valueRequired":true,"valueName":"search_term_string"}}],"inLanguage":"pt-PT"},{"@type":"Person","@id":"https:\/\/envinor.com\/#\/schema\/person\/5860fe695fe75b1a686a73876f12c4a7","name":"Jos\u00e9 Moreira ENVINOR","image":{"@type":"ImageObject","inLanguage":"pt-PT","@id":"https:\/\/envinor.com\/#\/schema\/person\/image\/","url":"https:\/\/secure.gravatar.com\/avatar\/318306af0811ec1d55cfa6e8c88c04b9e5582c7adad79322e16d8b024e378999?s=96&d=mm&r=g","contentUrl":"https:\/\/secure.gravatar.com\/avatar\/318306af0811ec1d55cfa6e8c88c04b9e5582c7adad79322e16d8b024e378999?s=96&d=mm&r=g","caption":"Jos\u00e9 Moreira ENVINOR"},"url":"https:\/\/envinor.com\/?author=3"}]}},"_links":{"self":[{"href":"https:\/\/envinor.com\/index.php?rest_route=\/wp\/v2\/posts\/1540","targetHints":{"allow":["GET"]}}],"collection":[{"href":"https:\/\/envinor.com\/index.php?rest_route=\/wp\/v2\/posts"}],"about":[{"href":"https:\/\/envinor.com\/index.php?rest_route=\/wp\/v2\/types\/post"}],"author":[{"embeddable":true,"href":"https:\/\/envinor.com\/index.php?rest_route=\/wp\/v2\/users\/3"}],"replies":[{"embeddable":true,"href":"https:\/\/envinor.com\/index.php?rest_route=%2Fwp%2Fv2%2Fcomments&post=1540"}],"version-history":[{"count":8,"href":"https:\/\/envinor.com\/index.php?rest_route=\/wp\/v2\/posts\/1540\/revisions"}],"predecessor-version":[{"id":1556,"href":"https:\/\/envinor.com\/index.php?rest_route=\/wp\/v2\/posts\/1540\/revisions\/1556"}],"wp:featuredmedia":[{"embeddable":true,"href":"https:\/\/envinor.com\/index.php?rest_route=\/wp\/v2\/media\/1542"}],"wp:attachment":[{"href":"https:\/\/envinor.com\/index.php?rest_route=%2Fwp%2Fv2%2Fmedia&parent=1540"}],"wp:term":[{"taxonomy":"category","embeddable":true,"href":"https:\/\/envinor.com\/index.php?rest_route=%2Fwp%2Fv2%2Fcategories&post=1540"},{"taxonomy":"post_tag","embeddable":true,"href":"https:\/\/envinor.com\/index.php?rest_route=%2Fwp%2Fv2%2Ftags&post=1540"}],"curies":[{"name":"wp","href":"https:\/\/api.w.org\/{rel}","templated":true}]}}